{"id":3383,"date":"2023-07-03T11:47:55","date_gmt":"2023-07-03T09:47:55","guid":{"rendered":"https:\/\/www.cfa-europeen-louis-prioux.fr\/?p=3383"},"modified":"2023-07-03T11:47:58","modified_gmt":"2023-07-03T09:47:58","slug":"le-cfa-louis-prioux-devient-cfa-pilote-du-reseau-de-lanfa","status":"publish","type":"post","link":"https:\/\/www.cfa-europeen-louis-prioux.fr\/en\/le-cfa-louis-prioux-devient-cfa-pilote-du-reseau-de-lanfa\/","title":{"rendered":"Le CFA Louis Prioux devient CFA Pilote du r\u00e9seau de l\u2019ANFA"},"content":{"rendered":"<p class=\"eplus-wrapper\"><strong>Depuis plus de 30 ans<\/strong>, <strong><a href=\"https:\/\/www.anfa-auto.fr\/\" target=\"_blank\" rel=\"noreferrer noopener\">l\u2019ANFA  <em>(Association Nationale de la Formation Automobil<\/em><\/a><em>e<\/em>)<\/strong> coop\u00e8re avec un cercle restreint de CFA visant chaque ann\u00e9e l\u2019excellence. Ils deviennent donc <a href=\"https:\/\/www.anfa-auto.fr\/accompagnement\/cfa-pilotes-et-associes\" target=\"_blank\" rel=\"noreferrer noopener\">\u00ab\u00a0CFA Pilotes\u00a0\u00bb<\/a>, ce qui constitue un partenariat privil\u00e9gi\u00e9 de la branche et des vecteurs principaux du d\u00e9veloppement qualitatif et quantitatif de l\u2019apprentissage dans notre fili\u00e8re.<\/p>\n\n\n\n<p class=\"eplus-wrapper\">Ce titre engage le CFA \u00e0 poursuivre et renforcer les actions et projets qui encouragent et facilitent l\u2019insertion professionnelle des jeunes, qui d\u00e9veloppent des innovations p\u00e9dagogiques, qui renforcent l\u2019inclusion des jeunes en situation de handicap, et qui renforcent l\u2019attractivit\u00e9 des m\u00e9tiers et l\u2019enrichissement de la carte des formations.<\/p>\n\n\n\n<p class=\"eplus-wrapper\"><strong>Le r\u00e9seau des CFA Pilotes marque la volont\u00e9 de l\u2019ANFA de promouvoir l\u2019alternance en apportant un soutien aux acteurs locaux de l\u2019apprentissage.<\/strong><\/p>\n\n\n\n<p class=\"eplus-wrapper\"><strong>Le but?<\/strong><\/p>\n\n\n\n<p class=\"eplus-wrapper\">\u2013 <strong>Assurer<\/strong> un enrichissement continu des dispositifs de formation par alternance.<\/p>\n\n\n\n<p class=\"eplus-wrapper\">\u2013 <strong>Promouvoir<\/strong> l\u2019apprentissage et la mise en place de pratiques p\u00e9dagogiques novatrices.<\/p>\n\n\n\n<p class=\"eplus-wrapper\">\u2013 <strong>Favoriser<\/strong> l\u2019insertion professionnelle des jeunes de la branche des services de l\u2019automobile.<\/p>\n\n\n\n<p class=\"eplus-wrapper\"><strong><em>C&rsquo;est pour nous une immense fiert\u00e9 de faire partie de ce r\u00e9seau, cela d\u00e9montre la qualit\u00e9 de la formation que nous proposons \u00e0 nos apprentis dans les m\u00e9tiers de l&rsquo;automobile.<\/em><\/strong><\/p>\n\n\n\n<p class=\"eplus-wrapper\"><strong><em>Au travers de ce label, nous nous engageons \u00e0 r\u00e9pondre au mieux aux besoins des entreprises dans notre bassin d&#8217;emploi, de par nos formations qualifiantes et dipl\u00f4mantes.<\/em><\/strong><\/p>\n\n\n\n<p class=\"eplus-wrapper\"><strong><em>Nous sommes convaincus que cette coop\u00e9ration permettra de poursuivre notre d\u00e9veloppement dans les formations des m\u00e9tiers de l\u2019automobile en mettant en avant notre exp\u00e9rience sur les pratiques novatrices et futures.<\/em><\/strong><\/p>","protected":false},"excerpt":{"rendered":"<p>Depuis plus de 30 ans, l\u2019ANFA (Association Nationale de la Formation Automobile) coop\u00e8re avec un cercle restreint de CFA visant chaque ann\u00e9e l\u2019excellence. Ils deviennent donc \u00ab\u00a0CFA Pilotes\u00a0\u00bb, ce qui constitue un partenariat privil\u00e9gi\u00e9 de la branche et des vecteurs principaux du d\u00e9veloppement qualitatif et quantitatif de l\u2019apprentissage dans notre fili\u00e8re. Ce titre engage le&hellip;&nbsp;<a href=\"https:\/\/www.cfa-europeen-louis-prioux.fr\/en\/le-cfa-louis-prioux-devient-cfa-pilote-du-reseau-de-lanfa\/\" rel=\"bookmark\">Read More &raquo;<span class=\"screen-reader-text\">Le CFA Louis Prioux devient CFA Pilote du r\u00e9seau de l\u2019ANFA<\/span><\/a><\/p>","protected":false},"author":7,"featured_media":3384,"comment_status":"open","ping_status":"open","sticky":false,"template":"","format":"standard","meta":{"editor_plus_copied_stylings":"{}","kk_blocks_editor_width":"","_kiokenblocks_attr":"","_kiokenblocks_dimensions":"","neve_meta_sidebar":"","neve_meta_container":"","neve_meta_enable_content_width":"","neve_meta_content_width":0,"neve_meta_title_alignment":"","neve_meta_author_avatar":"","neve_post_elements_order":"","neve_meta_disable_header":"","neve_meta_disable_footer":"","neve_meta_disable_title":"","neve_meta_reading_time":"","_themeisle_gutenberg_block_has_review":false,"footnotes":""},"categories":[1],"tags":[],"class_list":["post-3383","post","type-post","status-publish","format-standard","has-post-thumbnail","hentry","category-actu"],"featured_image_urls_v2":{"full":["https:\/\/www.cfa-europeen-louis-prioux.fr\/cfalp\/wp-content\/uploads\/2023\/07\/ANFA_logo_CFA_pilotes_millesime_2023-2025-1.jpg",790,663,false],"thumbnail":["https:\/\/www.cfa-europeen-louis-prioux.fr\/cfalp\/wp-content\/uploads\/2023\/07\/ANFA_logo_CFA_pilotes_millesime_2023-2025-1-150x150.jpg",150,150,true],"medium":["https:\/\/www.cfa-europeen-louis-prioux.fr\/cfalp\/wp-content\/uploads\/2023\/07\/ANFA_logo_CFA_pilotes_millesime_2023-2025-1-300x252.jpg",300,252,true],"medium_large":["https:\/\/www.cfa-europeen-louis-prioux.fr\/cfalp\/wp-content\/uploads\/2023\/07\/ANFA_logo_CFA_pilotes_millesime_2023-2025-1-768x645.jpg",768,645,true],"large":["https:\/\/www.cfa-europeen-louis-prioux.fr\/cfalp\/wp-content\/uploads\/2023\/07\/ANFA_logo_CFA_pilotes_millesime_2023-2025-1.jpg",790,663,false],"1536x1536":["https:\/\/www.cfa-europeen-louis-prioux.fr\/cfalp\/wp-content\/uploads\/2023\/07\/ANFA_logo_CFA_pilotes_millesime_2023-2025-1.jpg",790,663,false],"2048x2048":["https:\/\/www.cfa-europeen-louis-prioux.fr\/cfalp\/wp-content\/uploads\/2023\/07\/ANFA_logo_CFA_pilotes_millesime_2023-2025-1.jpg",790,663,false],"trp-custom-language-flag":["https:\/\/www.cfa-europeen-louis-prioux.fr\/cfalp\/wp-content\/uploads\/2023\/07\/ANFA_logo_CFA_pilotes_millesime_2023-2025-1-14x12.jpg",14,12,true],"neve-blog":["https:\/\/www.cfa-europeen-louis-prioux.fr\/cfalp\/wp-content\/uploads\/2023\/07\/ANFA_logo_CFA_pilotes_millesime_2023-2025-1-790x620.jpg",790,620,true],"woocommerce_thumbnail":["https:\/\/www.cfa-europeen-louis-prioux.fr\/cfalp\/wp-content\/uploads\/2023\/07\/ANFA_logo_CFA_pilotes_millesime_2023-2025-1-300x457.jpg",300,457,true],"woocommerce_single":["https:\/\/www.cfa-europeen-louis-prioux.fr\/cfalp\/wp-content\/uploads\/2023\/07\/ANFA_logo_CFA_pilotes_millesime_2023-2025-1-600x504.jpg",600,504,true],"woocommerce_gallery_thumbnail":["https:\/\/www.cfa-europeen-louis-prioux.fr\/cfalp\/wp-content\/uploads\/2023\/07\/ANFA_logo_CFA_pilotes_millesime_2023-2025-1-100x100.jpg",100,100,true],"awb_sm":["https:\/\/www.cfa-europeen-louis-prioux.fr\/cfalp\/wp-content\/uploads\/2023\/07\/ANFA_logo_CFA_pilotes_millesime_2023-2025-1-500x420.jpg",500,420,true],"awb_md":["https:\/\/www.cfa-europeen-louis-prioux.fr\/cfalp\/wp-content\/uploads\/2023\/07\/ANFA_logo_CFA_pilotes_millesime_2023-2025-1.jpg",790,663,false],"awb_lg":["https:\/\/www.cfa-europeen-louis-prioux.fr\/cfalp\/wp-content\/uploads\/2023\/07\/ANFA_logo_CFA_pilotes_millesime_2023-2025-1.jpg",790,663,false],"awb_xl":["https:\/\/www.cfa-europeen-louis-prioux.fr\/cfalp\/wp-content\/uploads\/2023\/07\/ANFA_logo_CFA_pilotes_millesime_2023-2025-1.jpg",790,663,false]},"post_excerpt_stackable_v2":"<p>Depuis plus de 30 ans, l\u2019ANFA (Association Nationale de la Formation Automobile) coop\u00e8re avec un cercle restreint de CFA visant chaque ann\u00e9e l\u2019excellence. Ils deviennent donc \u00ab\u00a0CFA Pilotes\u00a0\u00bb, ce qui constitue un partenariat privil\u00e9gi\u00e9 de la branche et des vecteurs principaux du d\u00e9veloppement qualitatif et quantitatif de l\u2019apprentissage dans notre fili\u00e8re. Ce titre engage le CFA \u00e0 poursuivre et renforcer les actions et projets qui encouragent et facilitent l\u2019insertion professionnelle des jeunes, qui d\u00e9veloppent des innovations p\u00e9dagogiques, qui renforcent l\u2019inclusion des jeunes en situation de handicap, et qui renforcent l\u2019attractivit\u00e9 des m\u00e9tiers et l\u2019enrichissement de la carte des formations. Le&hellip;<\/p>\n","category_list_v2":"<a href=\"https:\/\/www.cfa-europeen-louis-prioux.fr\/en\/c\/actu\/\" rel=\"category tag\">Actu<\/a>","author_info_v2":{"name":"CFA european Louis Prioux","url":"https:\/\/www.cfa-europeen-louis-prioux.fr\/en\/author\/admin_site\/"},"comments_num_v2":"0 comments","_links":{"self":[{"href":"https:\/\/www.cfa-europeen-louis-prioux.fr\/en\/wp-json\/wp\/v2\/posts\/3383","targetHints":{"allow":["GET"]}}],"collection":[{"href":"https:\/\/www.cfa-europeen-louis-prioux.fr\/en\/wp-json\/wp\/v2\/posts"}],"about":[{"href":"https:\/\/www.cfa-europeen-louis-prioux.fr\/en\/wp-json\/wp\/v2\/types\/post"}],"author":[{"embeddable":true,"href":"https:\/\/www.cfa-europeen-louis-prioux.fr\/en\/wp-json\/wp\/v2\/users\/7"}],"replies":[{"embeddable":true,"href":"https:\/\/www.cfa-europeen-louis-prioux.fr\/en\/wp-json\/wp\/v2\/comments?post=3383"}],"version-history":[{"count":1,"href":"https:\/\/www.cfa-europeen-louis-prioux.fr\/en\/wp-json\/wp\/v2\/posts\/3383\/revisions"}],"predecessor-version":[{"id":3385,"href":"https:\/\/www.cfa-europeen-louis-prioux.fr\/en\/wp-json\/wp\/v2\/posts\/3383\/revisions\/3385"}],"wp:featuredmedia":[{"embeddable":true,"href":"https:\/\/www.cfa-europeen-louis-prioux.fr\/en\/wp-json\/wp\/v2\/media\/3384"}],"wp:attachment":[{"href":"https:\/\/www.cfa-europeen-louis-prioux.fr\/en\/wp-json\/wp\/v2\/media?parent=3383"}],"wp:term":[{"taxonomy":"category","embeddable":true,"href":"https:\/\/www.cfa-europeen-louis-prioux.fr\/en\/wp-json\/wp\/v2\/categories?post=3383"},{"taxonomy":"post_tag","embeddable":true,"href":"https:\/\/www.cfa-europeen-louis-prioux.fr\/en\/wp-json\/wp\/v2\/tags?post=3383"}],"curies":[{"name":"wp","href":"https:\/\/api.w.org\/{rel}","templated":true}]}}