{"id":5220,"date":"2026-02-03T11:40:47","date_gmt":"2026-02-03T10:40:47","guid":{"rendered":"https:\/\/www.cfa-europeen-louis-prioux.fr\/?post_type=jobpost&#038;p=5220"},"modified":"2026-02-03T11:41:41","modified_gmt":"2026-02-03T10:41:41","slug":"cap-cuisine","status":"publish","type":"jobpost","link":"https:\/\/www.cfa-europeen-louis-prioux.fr\/en\/offre-apprentissage\/cap-cuisine\/","title":{"rendered":"CAP CUISINE"},"content":{"rendered":"<p class=\"eplus-wrapper\">CHEZ STEPH ET MICKA 55100 VERDUN recrute un apprenti \u00e0 compter de d\u00e9but juillet, si cette offre vous int\u00e9resse merci de les contacter au 06.25.98.91.29<\/p>","protected":false},"excerpt":{"rendered":"<p>CHEZ STEPH ET MICKA 55100 VERDUN recrute un apprenti \u00e0 compter de d\u00e9but juillet, si cette offre vous int\u00e9resse merci de les contacter au 06.25.98.91.29<\/p>","protected":false},"author":6,"featured_media":0,"menu_order":0,"template":"","meta":{"editor_plus_copied_stylings":"{}","kk_blocks_editor_width":"","_kiokenblocks_attr":"","_kiokenblocks_dimensions":"","neve_meta_sidebar":"","neve_meta_container":"","neve_meta_enable_content_width":"","neve_meta_content_width":0,"neve_meta_title_alignment":"","neve_meta_author_avatar":"","neve_post_elements_order":"","neve_meta_disable_header":"","neve_meta_disable_footer":"","neve_meta_disable_title":"","neve_meta_reading_time":"","_themeisle_gutenberg_block_has_review":false},"jobpost_category":[55],"jobpost_job_type":[61],"jobpost_location":[67],"jobpost_tag":[],"class_list":["post-5220","jobpost","type-jobpost","status-publish","hentry","jobpost_category-hotellerie-restauration","jobpost_job_type-cap","jobpost_location-meuse-55"],"featured_image_urls_v2":{"full":"","thumbnail":"","medium":"","medium_large":"","large":"","1536x1536":"","2048x2048":"","trp-custom-language-flag":"","neve-blog":"","woocommerce_thumbnail":"","woocommerce_single":"","woocommerce_gallery_thumbnail":"","awb_sm":"","awb_md":"","awb_lg":"","awb_xl":""},"post_excerpt_stackable_v2":"<p>CHEZ STEPH ET MICKA 55100 VERDUN recrute un apprenti \u00e0 compter de d\u00e9but juillet, si cette offre vous int\u00e9resse merci de les contacter au 06.25.98.91.29<\/p>\n","category_list_v2":"","author_info_v2":{"name":"Laetitia Hoenicke","url":"https:\/\/www.cfa-europeen-louis-prioux.fr\/en\/author\/contact\/"},"comments_num_v2":"0 comments","_links":{"self":[{"href":"https:\/\/www.cfa-europeen-louis-prioux.fr\/en\/wp-json\/wp\/v2\/jobpost\/5220","targetHints":{"allow":["GET"]}}],"collection":[{"href":"https:\/\/www.cfa-europeen-louis-prioux.fr\/en\/wp-json\/wp\/v2\/jobpost"}],"about":[{"href":"https:\/\/www.cfa-europeen-louis-prioux.fr\/en\/wp-json\/wp\/v2\/types\/jobpost"}],"author":[{"embeddable":true,"href":"https:\/\/www.cfa-europeen-louis-prioux.fr\/en\/wp-json\/wp\/v2\/users\/6"}],"wp:attachment":[{"href":"https:\/\/www.cfa-europeen-louis-prioux.fr\/en\/wp-json\/wp\/v2\/media?parent=5220"}],"wp:term":[{"taxonomy":"jobpost_category","embeddable":true,"href":"https:\/\/www.cfa-europeen-louis-prioux.fr\/en\/wp-json\/wp\/v2\/jobpost_category?post=5220"},{"taxonomy":"jobpost_job_type","embeddable":true,"href":"https:\/\/www.cfa-europeen-louis-prioux.fr\/en\/wp-json\/wp\/v2\/jobpost_job_type?post=5220"},{"taxonomy":"jobpost_location","embeddable":true,"href":"https:\/\/www.cfa-europeen-louis-prioux.fr\/en\/wp-json\/wp\/v2\/jobpost_location?post=5220"},{"taxonomy":"jobpost_tag","embeddable":true,"href":"https:\/\/www.cfa-europeen-louis-prioux.fr\/en\/wp-json\/wp\/v2\/jobpost_tag?post=5220"}],"curies":[{"name":"wp","href":"https:\/\/api.w.org\/{rel}","templated":true}]}}